{"id":23,"date":"2020-01-24T19:50:00","date_gmt":"2020-01-24T19:50:00","guid":{"rendered":"http:\/\/pazifikdesign.de\/?p=23"},"modified":"2021-01-25T10:23:21","modified_gmt":"2021-01-25T10:23:21","slug":"bergische-velo-2015","status":"publish","type":"post","link":"https:\/\/picnic-design.de\/?p=23","title":{"rendered":"bv"},"content":{"rendered":"<p>Corporate Design<br \/>\n<strong>Auftraggeber:&nbsp;Die Aussteller und Veranstalter der Fahrradmesse &#8222;bergische Velo&#8220;<\/strong><br \/>\n<em>Entwicklung eines Keyvisuals f\u00fcr Print und weiterf\u00fchrende Werbema\u00dfnahmen<\/em><\/p>\n<p><img loading=\"lazy\" class=\"alignleft wp-image-601 size-full\" src=\"http:\/\/pazifikdesign.de\/wp-content\/uploads\/2016\/02\/berischeVelo_16.jpg\" alt=\"berischeVelo_16\" width=\"970\" height=\"1984\" srcset=\"https:\/\/picnic-design.de\/wp-content\/uploads\/2016\/02\/berischeVelo_16.jpg 970w, https:\/\/picnic-design.de\/wp-content\/uploads\/2016\/02\/berischeVelo_16-147x300.jpg 147w, https:\/\/picnic-design.de\/wp-content\/uploads\/2016\/02\/berischeVelo_16-768x1571.jpg 768w, https:\/\/picnic-design.de\/wp-content\/uploads\/2016\/02\/berischeVelo_16-501x1024.jpg 501w\" sizes=\"(max-width: 970px) 100vw, 970px\" \/><\/p>\n<p>&nbsp;<\/p>\n<p>&nbsp;<\/p>\n<p>&nbsp;<\/p>\n","protected":false},"excerpt":{"rendered":"<p>Corporate Design Auftraggeber:&nbsp;Die Aussteller und Veranstalter der Fahrradmesse &#8222;bergische Velo&#8220; Entwicklung eines Keyvisuals f\u00fcr Print und weiterf\u00fchrende Werbema\u00dfnahmen &nbsp; &nbsp; &nbsp;<\/p>\n","protected":false},"author":1,"featured_media":349,"comment_status":"closed","ping_status":"closed","sticky":true,"template":"","format":"standard","meta":[],"categories":[3],"tags":[],"_links":{"self":[{"href":"https:\/\/picnic-design.de\/index.php?rest_route=\/wp\/v2\/posts\/23"}],"collection":[{"href":"https:\/\/picnic-design.de\/index.php?rest_route=\/wp\/v2\/posts"}],"about":[{"href":"https:\/\/picnic-design.de\/index.php?rest_route=\/wp\/v2\/types\/post"}],"author":[{"embeddable":true,"href":"https:\/\/picnic-design.de\/index.php?rest_route=\/wp\/v2\/users\/1"}],"replies":[{"embeddable":true,"href":"https:\/\/picnic-design.de\/index.php?rest_route=%2Fwp%2Fv2%2Fcomments&post=23"}],"version-history":[{"count":15,"href":"https:\/\/picnic-design.de\/index.php?rest_route=\/wp\/v2\/posts\/23\/revisions"}],"predecessor-version":[{"id":3401,"href":"https:\/\/picnic-design.de\/index.php?rest_route=\/wp\/v2\/posts\/23\/revisions\/3401"}],"wp:featuredmedia":[{"embeddable":true,"href":"https:\/\/picnic-design.de\/index.php?rest_route=\/wp\/v2\/media\/349"}],"wp:attachment":[{"href":"https:\/\/picnic-design.de\/index.php?rest_route=%2Fwp%2Fv2%2Fmedia&parent=23"}],"wp:term":[{"taxonomy":"category","embeddable":true,"href":"https:\/\/picnic-design.de\/index.php?rest_route=%2Fwp%2Fv2%2Fcategories&post=23"},{"taxonomy":"post_tag","embeddable":true,"href":"https:\/\/picnic-design.de\/index.php?rest_route=%2Fwp%2Fv2%2Ftags&post=23"}],"curies":[{"name":"wp","href":"https:\/\/api.w.org\/{rel}","templated":true}]}}